{"id":2169,"date":"2016-04-05T08:10:00","date_gmt":"2016-04-05T06:10:00","guid":{"rendered":"http:\/\/ivk.nu\/?p=2169"},"modified":"2016-04-05T08:15:03","modified_gmt":"2016-04-05T06:15:03","slug":"nu-har-det-skett-igen","status":"publish","type":"post","link":"https:\/\/ivk.nu\/?p=2169","title":{"rendered":"Nu har det skett igen!"},"content":{"rendered":"<h2>YTTERLIGARE 3 TILL JOBB!<\/h2>\n<h4>NUMERA 156 TILL FASTA JOBB!<\/h4>\n<img loading=\"lazy\" decoding=\"async\" class=\"aligncenter size-full wp-image-2172\" title=\"Marco Lopez p\u00e5 Skyttis.\" src=\"http:\/\/ivk.nu\/wp-content\/uploads\/2016\/04\/marco-lopez.jpg\" alt=\"Anders Thor\u00e9n\" width=\"512\" height=\"756\" srcset=\"https:\/\/ivk.nu\/wp-content\/uploads\/2016\/04\/marco-lopez.jpg 512w, https:\/\/ivk.nu\/wp-content\/uploads\/2016\/04\/marco-lopez-203x300.jpg 203w\" sizes=\"auto, (max-width: 512px) 100vw, 512px\" \/>\n<p class=\"fototext\">Marco Lopez p\u00e5 Skyttis.<\/p>\n<p>Marco Lopez kommer fr\u00e5n El Salvador. Han v\u00e4xte upp i omr\u00e5dena El Salvador, Nicaragua och Havanna d\u00e4r kriget p\u00e5gick under 1970-talet. Som tur \u00e4r hade han v\u00e4nner som hade kommit till Sverige och de hj\u00e4lpte honom att fly.<\/p>\n<p>I b\u00f6rjan av 1990-talet kom Marco till Sverige. Hans f\u00f6rsta destination blev Stockholm och efter ett tag slussades han vidare till Sundsvall. D\u00e4r bodde han i sex m\u00e5nader, innan det var dags f\u00f6r flytt igen och d\u00e5 hamnade han p\u00e5 en flyktingf\u00f6rl\u00e4ggning i Solberg inom \u00d6rnsk\u00f6ldsviks kommun. Under de tre \u00e5ren som han bodde d\u00e4r fick han uppeh\u00e5llstillst\u00e5nd.<\/p>\n<p>Sedan flyttade han ner till \u00d6rnsk\u00f6ldsvik d\u00e4r han de n\u00e4rmaste fem \u00e5ren l\u00e4ste upp ett antal \u00e4mnen p\u00e5 Komvux, samt det svenska spr\u00e5ket. Efter studierna praktiserade Marco p\u00e5 Lindens servicehus i tre \u00e5r och i direkt anslutning till det fick han en ny praktikplats p\u00e5 stadshotellet, som ledde till en anst\u00e4llning i fem \u00e5r. Under den tiden utbildade han sig ocks\u00e5 till lokalv\u00e5rdare.<\/p>\n<p>Efter den anst\u00e4llningen var han arbetsl\u00f6s en tid och 2013 kom han till en praktikplats p\u00e5 IVK. \u00c4ven hos oss jobbade han med lokalv\u00e5rd. D\u00e5 fick han ocks\u00e5 en timanst\u00e4llning, som dock upph\u00f6rde i samband med att han anst\u00e4lldes p\u00e5 heltid inom Samhall. Det varade dock bara i 4 m\u00e5nader.<\/p>\n<p>D\u00e5 s\u00f6kte sig Marco tillbaka till IVK d\u00e4r han fick en ny praktik. \u00c4ven den h\u00e4r g\u00e5ngen arbetade han med lokalv\u00e5rd och nu har han f\u00e5tt en heltidsanst\u00e4llning f\u00f6r att sk\u00f6ta lokalv\u00e5rden p\u00e5 Skyttis idrottsanl\u00e4ggning.<\/p>\n<p>Marco \u00e4r en otroligt duktig kille som man alltid kan lita p\u00e5 och som st\u00e4ller upp i alla v\u00e4der. Vi \u00e4r mycket tacksamma inom IVK, att vi har f\u00e5tt m\u00f6jligheten att anst\u00e4lla Marco hos oss s\u00e4ger VD Thomas Johansson.<\/p>\n","protected":false},"excerpt":{"rendered":"<p>YTTERLIGARE 3 TILL JOBB! NUMERA 156 TILL FASTA JOBB! Marco Lopez p\u00e5 Skyttis. Marco Lopez kommer fr\u00e5n El Salvador. Han v\u00e4xte upp i omr\u00e5dena El Salvador, Nicaragua och Havanna d\u00e4r kriget p\u00e5gick under 1970-talet. Som tur \u00e4r hade han v\u00e4nner som hade kommit till Sverige och de hj\u00e4lpte honom att fly. I b\u00f6rjan av 1990-talet [&hellip;]<\/p>\n","protected":false},"author":1,"featured_media":0,"comment_status":"open","ping_status":"open","sticky":false,"template":"","format":"standard","meta":{"footnotes":""},"categories":[1],"tags":[],"class_list":["post-2169","post","type-post","status-publish","format-standard","hentry","category-allmant"],"_links":{"self":[{"href":"https:\/\/ivk.nu\/index.php?rest_route=\/wp\/v2\/posts\/2169","targetHints":{"allow":["GET"]}}],"collection":[{"href":"https:\/\/ivk.nu\/index.php?rest_route=\/wp\/v2\/posts"}],"about":[{"href":"https:\/\/ivk.nu\/index.php?rest_route=\/wp\/v2\/types\/post"}],"author":[{"embeddable":true,"href":"https:\/\/ivk.nu\/index.php?rest_route=\/wp\/v2\/users\/1"}],"replies":[{"embeddable":true,"href":"https:\/\/ivk.nu\/index.php?rest_route=%2Fwp%2Fv2%2Fcomments&post=2169"}],"version-history":[{"count":7,"href":"https:\/\/ivk.nu\/index.php?rest_route=\/wp\/v2\/posts\/2169\/revisions"}],"predecessor-version":[{"id":2171,"href":"https:\/\/ivk.nu\/index.php?rest_route=\/wp\/v2\/posts\/2169\/revisions\/2171"}],"wp:attachment":[{"href":"https:\/\/ivk.nu\/index.php?rest_route=%2Fwp%2Fv2%2Fmedia&parent=2169"}],"wp:term":[{"taxonomy":"category","embeddable":true,"href":"https:\/\/ivk.nu\/index.php?rest_route=%2Fwp%2Fv2%2Fcategories&post=2169"},{"taxonomy":"post_tag","embeddable":true,"href":"https:\/\/ivk.nu\/index.php?rest_route=%2Fwp%2Fv2%2Ftags&post=2169"}],"curies":[{"name":"wp","href":"https:\/\/api.w.org\/{rel}","templated":true}]}}