{"id":2020,"date":"2014-08-19T11:14:44","date_gmt":"2014-08-19T09:14:44","guid":{"rendered":"http:\/\/ivk.nu\/?p=2020"},"modified":"2017-02-20T14:08:48","modified_gmt":"2017-02-20T13:08:48","slug":"ivk-haller-rent-och-snyggt-i-inre-hamnen","status":"publish","type":"post","link":"https:\/\/ivk.nu\/?p=2020","title":{"rendered":"IVK h\u00e5ller rent och snyggt i inre hamnen"},"content":{"rendered":"<img loading=\"lazy\" decoding=\"async\" class=\"aligncenter size-full wp-image-2027\" title=\"B\u00f6rje Tj\u00e4rnstr\u00f6m, arbetsledare f\u00f6r renh\u00e5llningen i inre hamnen och tillsynen av husbils- och husvagnsparkeringen vid Fj\u00e4llr\u00e4ven Center. Foto \u00a9 Anders Bystr\u00f6m p\u00e5 http:\/\/smartfix.se\" src=\"http:\/\/ivk.nu\/wp-content\/uploads\/2014\/08\/borje_tjarnstrom2.jpg\" alt=\"B\u00f6rje, arbetsledare f\u00f6r renh\u00e5llningen i inre hamnen och tillsynen av husbils- och husvagnsparkeringen vid Fj\u00e4llr\u00e4ven Center. Foto \u00a9 Anders Bystr\u00f6m p\u00e5 http:\/\/smartfix.se\" width=\"512\" height=\"444\" srcset=\"https:\/\/ivk.nu\/wp-content\/uploads\/2014\/08\/borje_tjarnstrom2.jpg 512w, https:\/\/ivk.nu\/wp-content\/uploads\/2014\/08\/borje_tjarnstrom2-300x260.jpg 300w\" sizes=\"auto, (max-width: 512px) 100vw, 512px\" \/>\n<p class=\"fototext\">B\u00f6rje Tj\u00e4rnstr\u00f6m, arbetsledare f\u00f6r renh\u00e5llningen i inre hamnen och tillsynen av husbils- och husvagnsparkeringen vid Fj\u00e4llr\u00e4ven Center. <span class=\"suzanders_copy\">Foto: \u00a9 <a href=\"http:\/\/www.smartfix.se\">Smartfix<\/a><\/span><\/p>\n<p>Under sommaren har IVK h\u00e5llit snyggt i inre hamnen samt utf\u00f6rt lokalv\u00e5rden i dusch- och toalettutrymmena f\u00f6r b\u00e5tfolket. Kultur och fritid \u00e4r uppdragsgivare.<\/p>\n<p>Arbetsledaren B\u00f6rje s\u00e4ger:<\/p>\n<p>-Vi har varit 5 man som jobbat i skift 7 dagar i veckan. Arbetspassen har utgjorts av ett morgonpass och ett eftermiddagspass. F\u00f6rutom renh\u00e5llningen i inre hamnen har ocks\u00e5 tillsynen av husbils- och husvagnsparkeringen vid Fj\u00e4llr\u00e4ven Center ing\u00e5tt i uppdraget. Arbetslaget har f\u00e5tt j\u00e4ttemycket ber\u00f6m av b\u00e5tfolket och \u00e4ven fr\u00e5n \u00d6-viksborna. Detta har ocks\u00e5 f\u00e5tt till f\u00f6ljd att i och med att det \u00e4r rent och snyggt i hamnen s\u00e5 \u00e4r det betydligt f\u00e4rre som skr\u00e4par ner. I b\u00f6rjan av sommaren var det mycket mer skr\u00e4p, flaskor och burkar mm. Det \u00e4r det definitivt inte idag. M\u00e5ste ocks\u00e5 till\u00e4gga att det varit j\u00e4ttekul att tr\u00e4ffa s\u00e5 m\u00e5nga trevliga b\u00e5tm\u00e4nniskor. B\u00e5de fr\u00e5n andra orter i landet och fr\u00e5n andra l\u00e4nder. Flertalet av dessa har sagt att inre hamnen \u00e4r kanon. Hit kommer vi g\u00e4rna flera g\u00e5nger, s\u00e4ger de. Kul f\u00f6r staden och kommunen, avslutar B\u00f6rje!<\/p>\n<p>&#8211; Vi, som ansvariga f\u00f6r G\u00e4sthamnen, kan bara h\u00e5lla med B\u00f6rje! IVK har gjort ett fantastiskt jobb med att h\u00e5lla rent och snyggt i och runt g\u00e4sthamnen och uppst\u00e4llningsplatsen f\u00f6r husbilar och husvagnar. B\u00e5tg\u00e4ster, turister samt lokalbefolkningen har vid flertalet tillf\u00e4llen ber\u00f6mt hur fint och snyggt vi har det och att servicehuset \u00e4r v\u00e4ldigt rent och v\u00e4lsk\u00f6tt. Vi \u00e4r j\u00e4tten\u00f6jda att vi f\u00e5tt hj\u00e4lp av ett s\u00e5 h\u00e4rligt och glatt g\u00e4ng som det fr\u00e5n IVK, som varit v\u00e4ldigt noggranna och serviceminded, s\u00e4ger Jenny Svensson och Sune Westberg fr\u00e5n Kultur- och fritidsavdelningen.<\/p>\n","protected":false},"excerpt":{"rendered":"<p>B\u00f6rje Tj\u00e4rnstr\u00f6m, arbetsledare f\u00f6r renh\u00e5llningen i inre hamnen och tillsynen av husbils- och husvagnsparkeringen vid Fj\u00e4llr\u00e4ven Center. Foto: \u00a9 Smartfix Under sommaren har IVK h\u00e5llit snyggt i inre hamnen samt utf\u00f6rt lokalv\u00e5rden i dusch- och toalettutrymmena f\u00f6r b\u00e5tfolket. Kultur och fritid \u00e4r uppdragsgivare. Arbetsledaren B\u00f6rje s\u00e4ger: -Vi har varit 5 man som jobbat i skift [&hellip;]<\/p>\n","protected":false},"author":1,"featured_media":0,"comment_status":"open","ping_status":"open","sticky":false,"template":"","format":"standard","meta":{"footnotes":""},"categories":[1],"tags":[],"class_list":["post-2020","post","type-post","status-publish","format-standard","hentry","category-allmant"],"_links":{"self":[{"href":"https:\/\/ivk.nu\/index.php?rest_route=\/wp\/v2\/posts\/2020","targetHints":{"allow":["GET"]}}],"collection":[{"href":"https:\/\/ivk.nu\/index.php?rest_route=\/wp\/v2\/posts"}],"about":[{"href":"https:\/\/ivk.nu\/index.php?rest_route=\/wp\/v2\/types\/post"}],"author":[{"embeddable":true,"href":"https:\/\/ivk.nu\/index.php?rest_route=\/wp\/v2\/users\/1"}],"replies":[{"embeddable":true,"href":"https:\/\/ivk.nu\/index.php?rest_route=%2Fwp%2Fv2%2Fcomments&post=2020"}],"version-history":[{"count":8,"href":"https:\/\/ivk.nu\/index.php?rest_route=\/wp\/v2\/posts\/2020\/revisions"}],"predecessor-version":[{"id":2202,"href":"https:\/\/ivk.nu\/index.php?rest_route=\/wp\/v2\/posts\/2020\/revisions\/2202"}],"wp:attachment":[{"href":"https:\/\/ivk.nu\/index.php?rest_route=%2Fwp%2Fv2%2Fmedia&parent=2020"}],"wp:term":[{"taxonomy":"category","embeddable":true,"href":"https:\/\/ivk.nu\/index.php?rest_route=%2Fwp%2Fv2%2Fcategories&post=2020"},{"taxonomy":"post_tag","embeddable":true,"href":"https:\/\/ivk.nu\/index.php?rest_route=%2Fwp%2Fv2%2Ftags&post=2020"}],"curies":[{"name":"wp","href":"https:\/\/api.w.org\/{rel}","templated":true}]}}